{"id":17945,"date":"2026-09-04T11:06:53","date_gmt":"2026-09-04T11:06:53","guid":{"rendered":"https:\/\/daliatravel.ba\/?p=17945"},"modified":"2026-09-04T11:06:53","modified_gmt":"2026-09-04T11:06:53","slug":"novogodisnji-lisabonporto-%e2%9c%88%ef%b8%8f-iz-sarajeva-vec-od-1749-km-po-osobi-rani-booking-termin-od-29-12-26-04-01-27","status":"publish","type":"post","link":"https:\/\/daliatravel.ba\/bs\/novogodisnji-lisabonporto-%e2%9c%88%ef%b8%8f-iz-sarajeva-vec-od-1749-km-po-osobi-rani-booking-termin-od-29-12-26-04-01-27\/","title":{"rendered":"NOVOGODI\u0160NJI LISABON+PORTO \u2708\ufe0f IZ SARAJEVA \u2013 VE\u0106 OD 1749 KM PO OSOBI RANI BOOKING \u2013 TERMIN: OD 29.12.'26 &#8211; 04.01.'27"},"content":{"rendered":"<p>[vc_row][vc_column][vc_column_text]<\/p>\n<h2>NOVOGODI\u0160NJI LISABON+PORTO PO SPECIJALNOJ CIJENI<\/h2>\n<h3>Birate nezaboravan do\u010dek Nove godine u Lisabonu?<br \/>\nPripremili smo termin za putovanje koje spaja \u0161armantni Lisabon, obalu Atlantika i o\u010daravaju\u0107i Porto!<\/h3>\n<ul>\n<li>\n<h3>\ud835\uddda\ud835\uddd4\ud835\udde5\ud835\uddd4\ud835\udde1\ud835\udde7\ud835\udde2\ud835\udde9\ud835\uddd4\ud835\udde1 \ud835\udde3\ud835\udde2\ud835\udddf\ud835\uddd4<strong>ZAK<\/strong> \ud835\udddc\ud835\udded \ud835\udde6\ud835\uddd4\ud835\udde5\ud835\uddd4\ud835\udddd\ud835\uddd8\ud835\udde9\ud835\uddd4!<\/h3>\n<\/li>\n<\/ul>\n<h4>U\u017eivajte u putovanju koje obuhvata \ud835\udff3 \ud835\uddf1\ud835\uddee\ud835\uddfb\ud835\uddee \/ \ud835\udff2 \ud835\uddfb\ud835\uddfc\u0107\ud835\uddf2\ud835\uddfb\ud835\uddf7\ud835\uddee u Lisabonu i Portu:<\/h4>\n<h4>\ud835\udfee\ud835\udff5.\ud835\udfed\ud835\udfee.\ud835\udfee\ud835\udfec\ud835\udfee\ud835\udff2\u2013\ud835\udfec\ud835\udff0.\ud835\udfec\ud835\udfed.\ud835\udfee\ud835\udfec\ud835\udfee\ud835\udff3. \u2013 novogodi\u0161nji polazak<\/h4>\n<h4>\ud835\udde5\ud835\uddd4\ud835\udde1\ud835\udddc \ud835\uddd5\ud835\udde2\ud835\udde2\ud835\uddde\ud835\udddc\ud835\udde1\ud835\uddda: \ud835\udfed.\ud835\udff3\ud835\udff0\ud835\udff5 \ud835\uddde\ud835\udde0 \ud835\udde3\ud835\udde2 \ud835\udde2\ud835\udde6\ud835\udde2\ud835\uddd5\ud835\udddc<\/h4>\n<p>Cijena vrijedi za prvih 10 putnika po polasku!<\/p>\n<h4>Redovna cijena: 1.949 KM<\/h4>\n<h4><strong>Cijena obuhvata:<\/strong><\/h4>\n<ul>\n<li>Povratna avio karta Turkish Airlines (ekonomska klasa) \u2014 Sarajevo\u2013Istanbul\u2013Lisabon i Porto\u2013Istanbul\u2013Sarajevo:<\/li>\n<li>30 kg \u010dekirani prtljag + 8 kg ru\u010dni prtljag + aerodromske takse<\/li>\n<li>Smje\u0161taj u Lisabonu \u2014 hotel 4\u2605, dvokrevetna\/trokrevetna soba, 4 no\u0107enja s doru\u010dkom<\/li>\n<li>Smje\u0161taj u Portu \u2014 hotel Porto City, dvokrevetna\/trokrevetna soba, 2 no\u0107enja s doru\u010dkom<\/li>\n<li>Bus transfer: aerodrom Lisabon\u2013hotel i hotel Porto\u2013aerodrom Porto<\/li>\n<li>Svi bus transferi prema programu<\/li>\n<li>Besplatno razgledanje Porta<\/li>\n<\/ul>\n<p>Usluge predstavnika agencije na destinaciji + kompletna organizacija<\/p>\n<p>&nbsp;<\/p>\n<p><strong>Cijena ne obuhvata:<\/strong><\/p>\n<ul>\n<li><strong>\u2715<\/strong>Lisabon City Tour \u2014 40 EUR<\/li>\n<li><strong>\u2715<\/strong>Atlantska tura (bez ulaznica) \u2014 80 EUR<\/li>\n<li><strong>\u2715<\/strong>Atlantska panorama \u2014 30 EUR<\/li>\n<li><strong>\u2715<\/strong>Braga &amp; Guimaraes (bez ulaznica) \u2014 60 EUR<\/li>\n<li><strong>\u2715<\/strong>Paket svih izleta \u2014 200 EUR \/ 400 KM (prijava uz rezervaciju)<\/li>\n<li><strong>\u2715<\/strong>Doplata za jednokrevetnu sobu \u2014 495 KM (na upit)<\/li>\n<li><strong>\u2715<\/strong>YQ taksa za gorivo (eventualno \u2014 prema odluci avio-kompanije; kalkulacija na bazi cijene goriva 11.3.2026.)<\/li>\n<li><strong>\u2715<\/strong>Boravi\u0161ne hotelske takse \u2014 Lisabon 4 EUR\/no\u0107, Porto 3 EUR\/no\u0107 (ukupno 22 EUR\/44 KM \u2014 pla\u0107a se uz rezervaciju)<\/li>\n<li><strong>\u2715<\/strong>Putno-zdravstveno osiguranje \u2014 21 KM (do 70 god.), 42 KM (70\u201380 god.)<\/li>\n<li><strong>\u2715<\/strong>Osiguranje od otkaza \u2014 50 KM\/osoba (ostvaruje se isklju\u010divo uz uplatu pz osiguranja)<\/li>\n<li><strong>\u2715<\/strong>Individualni tro\u0161kovi<\/li>\n<\/ul>\n<p><strong>Napomene<\/strong><\/p>\n<ul>\n<li>Putovanje je garantovano.<\/li>\n<li>Potreban paso\u0161 s validno\u0161\u0107u min. 3 mjeseca nakon povratka.<\/li>\n<li>Za rezervaciju uplatiti 30%; ostatak do 01.12.2026.<\/li>\n<li>Izleti se pla\u0107aju uz rezervaciju, najkasnije do 01.12.<\/li>\n<\/ul>\n<p>Popust za 1 dijete do 12 god. u pratnji 2 odrasle osobe \u2014 100 KM<\/p>\n<p>Za ovaj ara\u017eman vrijede op\u0107i uslovi <a href=\"https:\/\/newcms.centrotours.ba\/b2cdocuments\/pdf\/opci_uslovi_putovanja_od_01.pdf\">CENTROTRANS DD kao organizatora putovanja Organizator ili Centrotours<\/a>[\/vc_column_text][\/vc_column][\/vc_row][vc_row][vc_column]<style type=\"text\/css\" data-type=\"the7_shortcodes-inline-css\">#default-btn-1a2243b60ccd5b18de7158226bdb3dbd > i {\n  font-size: 11px;\n}\n#default-btn-1a2243b60ccd5b18de7158226bdb3dbd * {\n  vertical-align: middle;\n}\n<\/style><a href=\"http:\/\/daliatravel.ba\/wp-content\/uploads\/2026\/09\/Novogodisnji-Lisabon.pdf\" class=\"default-btn-shortcode dt-btn dt-btn-m btn-inline-left \" target=\"_blank\" id=\"default-btn-1a2243b60ccd5b18de7158226bdb3dbd\" rel=\"noopener\"><span>Preuzmite ponudu<\/span><\/a>[\/vc_column][\/vc_row]<\/p>\n","protected":false},"excerpt":{"rendered":"<p>[vc_row][vc_column][vc_column_text] NOVOGODI\u0160NJI LISABON+PORTO PO SPECIJALNOJ CIJENI Birate nezaboravan do\u010dek Nove godine u Lisabonu? Pripremili smo termin za putovanje koje spaja \u0161armantni Lisabon, obalu Atlantika i o\u010daravaju\u0107i Porto! \ud835\uddda\ud835\uddd4\ud835\udde5\ud835\uddd4\ud835\udde1\ud835\udde7\ud835\udde2\ud835\udde9\ud835\uddd4\ud835\udde1 \ud835\udde3\ud835\udde2\ud835\udddf\ud835\uddd4ZAK \ud835\udddc\ud835\udded \ud835\udde6\ud835\uddd4\ud835\udde5\ud835\uddd4\ud835\udddd\ud835\uddd8\ud835\udde9\ud835\uddd4! U\u017eivajte u putovanju koje obuhvata \ud835\udff3 \ud835\uddf1\ud835\uddee\ud835\uddfb\ud835\uddee \/ \ud835\udff2 \ud835\uddfb\ud835\uddfc\u0107\ud835\uddf2\ud835\uddfb\ud835\uddf7\ud835\uddee u Lisabonu i Portu: \ud835\udfee\ud835\udff5.\ud835\udfed\ud835\udfee.\ud835\udfee\ud835\udfec\ud835\udfee\ud835\udff2\u2013\ud835\udfec\ud835\udff0.\ud835\udfec\ud835\udfed.\ud835\udfee\ud835\udfec\ud835\udfee\ud835\udff3. \u2013 novogodi\u0161nji polazak \ud835\udde5\ud835\uddd4\ud835\udde1\ud835\udddc \ud835\uddd5\ud835\udde2\ud835\udde2\ud835\uddde\ud835\udddc\ud835\udde1\ud835\uddda: \ud835\udfed.\ud835\udff3\ud835\udff0\ud835\udff5 \ud835\uddde\ud835\udde0 \ud835\udde3\ud835\udde2 \ud835\udde2\ud835\udde6\ud835\udde2\ud835\uddd5\ud835\udddc&hellip;<\/p>\n","protected":false},"author":2,"featured_media":12533,"comment_status":"closed","ping_status":"open","sticky":false,"template":"","format":"standard","meta":[],"categories":[33,52,41],"tags":[],"class_list":["post-17945","post","type-post","status-publish","format-standard","has-post-thumbnail","hentry","category-europska-putovanja","category-nova-godina","category-specijalna-ponuda","category-33","category-52","category-41","description-off"],"_links":{"self":[{"href":"https:\/\/daliatravel.ba\/bs\/wp-json\/wp\/v2\/posts\/17945"}],"collection":[{"href":"https:\/\/daliatravel.ba\/bs\/wp-json\/wp\/v2\/posts"}],"about":[{"href":"https:\/\/daliatravel.ba\/bs\/wp-json\/wp\/v2\/types\/post"}],"author":[{"embeddable":true,"href":"https:\/\/daliatravel.ba\/bs\/wp-json\/wp\/v2\/users\/2"}],"replies":[{"embeddable":true,"href":"https:\/\/daliatravel.ba\/bs\/wp-json\/wp\/v2\/comments?post=17945"}],"version-history":[{"count":2,"href":"https:\/\/daliatravel.ba\/bs\/wp-json\/wp\/v2\/posts\/17945\/revisions"}],"predecessor-version":[{"id":17947,"href":"https:\/\/daliatravel.ba\/bs\/wp-json\/wp\/v2\/posts\/17945\/revisions\/17947"}],"wp:featuredmedia":[{"embeddable":true,"href":"https:\/\/daliatravel.ba\/bs\/wp-json\/wp\/v2\/media\/12533"}],"wp:attachment":[{"href":"https:\/\/daliatravel.ba\/bs\/wp-json\/wp\/v2\/media?parent=17945"}],"wp:term":[{"taxonomy":"category","embeddable":true,"href":"https:\/\/daliatravel.ba\/bs\/wp-json\/wp\/v2\/categories?post=17945"},{"taxonomy":"post_tag","embeddable":true,"href":"https:\/\/daliatravel.ba\/bs\/wp-json\/wp\/v2\/tags?post=17945"}],"curies":[{"name":"wp","href":"https:\/\/api.w.org\/{rel}","templated":true}]}}