{"id":17812,"date":"2026-08-19T10:34:52","date_gmt":"2026-08-19T10:34:52","guid":{"rendered":"https:\/\/daliatravel.ba\/?p=17812"},"modified":"2026-08-19T10:34:52","modified_gmt":"2026-08-19T10:34:52","slug":"carolija-koja-se-putuje","status":"publish","type":"post","link":"https:\/\/daliatravel.ba\/bs\/carolija-koja-se-putuje\/","title":{"rendered":"\u010cAROLIJA KOJA SE PUTUJE                                                                                                                                                                                                                                                                                                                                                       \u2022 Velden \u2022 Villach \u2022 Klagenfurt \u2022                                                                                                                                                                                                                                                              \ud83d\ude8c IZ MOSTARA \u2013 RB CIJENA: OD 439 KM DO 30.09.'26.  \u2013                                                          TERMIN: 03.12.-06.12.2026. \u2013 4 DANA \/ 2 NO\u0106ENJA SA DORU\u010cKOM"},"content":{"rendered":"<p>[vc_row][vc_column][vc_column_text]<\/p>\n<h2><\/h2>\n<h2><\/h2>\n<h2><\/h2>\n<h2><strong>Velden \u2022 Villach \u2022 Klagenfurt<br \/>\n<\/strong><br \/>\nAUTOBUSOM IZ MOSTARA I \u010cAPLJINE<\/h2>\n<h2>4 DANA \/ 2 NO\u0106ENJA SA DORU\u010cKOM<\/h2>\n<h2>03.12.-06.12.2026.<\/h2>\n<p>&nbsp;<\/p>\n<p>&nbsp;<\/p>\n<h4><em>\u2728<\/em> <strong><em>ZAKORA\u010cIMO ZAJEDNO U BO\u017dI\u0106NU BAJKU\u2026<\/em><\/strong> <em>\u2728<\/em><\/h4>\n<h4><strong><em>Postoje putovanja koja obi\u0111emo\u2026<br \/>\ni postoje ona koja <\/em><\/strong><strong><em>osjetimo svim srcem.<\/em><\/strong> <strong><em>\u2764\ufe0f<\/em><\/strong><\/h4>\n<p>&nbsp;<\/p>\n<h4><strong>\ud83c\udf85\u2728<\/strong><strong> <em>OVE ZIME NE SANJAMO BO\u017dI\u0106NU BAJKU \u2014 MI PUTUJEMO U NJU<\/em>!<\/strong><\/h4>\n<h4><strong><em>Ovog Adventa vodimo vas u jednu takvu pri\u010du \u2013 tamo gdje se austrijski gradi\u0107i pretvaraju u prizore iz bo\u017ei\u0107nih filmova, gdje mno\u0161tvo lampica obasjavaju stare ulice, gdje miri\u0161e na cimet, vaniliju i kuhano vino, a svaki trg nosi svoju malu bo\u017ei\u0107nu \u010daroliju.<br \/>\nIz Mostara i \u010capljine<\/em><\/strong><em> <strong>kre\u0107emo prema Austriji, prema mjestima koja u decembru izgledaju nestvarno\u2026<\/strong><\/em><\/h4>\n<p>&nbsp;<\/p>\n<h2><strong>&gt;&gt; ULTRA RANI BOOKING CIJENA &lt;&lt;<\/strong><\/h2>\n<h2><strong>439,00 KM \u2013 za uplate do 30.09.2026.<\/strong><\/h2>\n<h3><strong>REDOVNA CIJENA: 489,00 KM <\/strong><\/h3>\n<p><strong>U CIJENU UKLJU\u010cENO<\/strong>:<\/p>\n<ul>\n<li>Prevoz modernim autobusom visoke turisti\u010dke klase autoputem preko GP Bija\u010da<\/li>\n<li>Smje\u0161taj u hotelu 3* u 1\/2 i 1\/3 sobama na bazi 2 no\u0107enja sa doru\u010dkom<\/li>\n<li>Organizacija i pratilac putovanja<\/li>\n<\/ul>\n<p>&nbsp;<\/p>\n<p><strong>U CIJENU NIJE UKLJU\u010cENO<\/strong>:<\/p>\n<ul>\n<li>Turisti\u010dka taksa i prijava u hotel \u2013 16 KM \/ po osobi \u2013 pla\u0107anje u agenciji<\/li>\n<li>Obavezno putni\u010dko zdravstveno osiguranje \u2013 2 KM po osobi\/danu do 60 god; 4 KM po osobi\/danu 60+<\/li>\n<li>Doplata za jednokrevetnu sobu \u2013 na upit<\/li>\n<li>Fakultativni izleti (cijene \u0107e biti objavljene naknadno)<\/li>\n<li>Cjelodnevni Izlet u Klagerfurt i Villach<\/li>\n<\/ul>\n<p><strong>USLOVI I NA\u010cINI PLA\u0106ANJA:<\/strong><\/p>\n<p>&nbsp;<\/p>\n<p>\ud83d\udcb8 <strong>DEPOZIT 150 KM \/ po osobi <\/strong>\u2013 za potvrdu rezervacije, a ostatak najkasnije 15 dana prije po\u010detka putovanja.<\/p>\n<p>\ud83d\udcb8 <strong>PLA\u0106ANJE<\/strong> &#8211; gotovinom, internet bankarstvom, virmanom, karti\u010dno pla\u0107anje (+3% &#8211; pla\u0107a se cjelokupan iznos)<\/p>\n<p>&nbsp;<\/p>\n<p><strong>OP\u0160TE NAPOMENE ZA PUTOVANJA:<\/strong><\/p>\n<ul>\n<li>Agencija zadr\u017eava pravo promjene programa i izleta po danima.<\/li>\n<li><strong><u>Za otkaz rezervacije od strane putnika za specijalne ponude\/first minute\/rani booking (RB), nov\u010dani depozit\/avans je nerefundabilan.<\/u><\/strong><\/li>\n<\/ul>\n<p>&nbsp;<\/p>\n<ul>\n<li><strong>ODUSTAJANJE PUTNIKA OD PUTOVANJA <\/strong><\/li>\n<li>Putnik ima pravo da odustane od putovanja, o \u010demu je du\u017ean pismeno izvijestiti organizatora putovanja. Datum prijema pisanog otkaza predstavlja osnov za obra\u010dun naknade koja pripada organizatoru, izra\u017eene procentualno u odnosu na ukupnu cijenu putovanja, i to:<\/li>\n<\/ul>\n<p>\u2013 10% ako se putovanje otka\u017ee do 30 dana prije po\u010detka,<\/p>\n<p>\u2013 20 % ako se putovanje otka\u017ee 29 do 20 dana,<\/p>\n<p>\u2013 40 % ako se putovanje otka\u017ee 19 do 15 dana<\/p>\n<p>\u2013 80 % ako se putovanje otka\u017ee 14 do 8 dana,<\/p>\n<p>\u2013 100 % ako se putovanje otka\u017ee 7 do 0 dana<\/p>\n<p>&nbsp;<\/p>\n<p><strong>PUTNI DOKUMENTI: <\/strong>HR OSOBNA ILI HR PUTOVNICA ILI BH PASO\u0160 (Putni dokumenti za ulazak u EU moraju da vrijede najmanje 90 dana od datuma povratka).<\/p>\n<p><strong><u>\u00a0<\/u><\/strong><\/p>\n<p><strong><u>POSEBNE NAPOMENE<\/u><\/strong><strong>\u00a0\u00a0\u00a0\u00a0 <\/strong><\/p>\n<ul>\n<li>Molimo Vas da se prije uplate aran\u017emana detaljno upoznate sa svim detaljima programa putovanja<\/li>\n<li>Raspored sjedenja u autobusu se pravi prema datumu uplate. Prvi red sjedi\u0161ta su slu\u017ebena sjedi\u0161ta i ako nema potrebe, ne izdaju se putnicima. Putnik je du\u017ean da prihvati sjedi\u0161te koje mu agencija dodijeli.<\/li>\n<li>Ukoliko putnici izvr\u0161e doplatu za dodatno sjedi\u0161te u autobusu, nemaju prava na refundiranje novca nakon putovanja ukoliko u autobusu ostane jo\u0161 slobodnih mjesta.<\/li>\n<li>Mole se putnici da vode ra\u010duna o svojim putnim ispravama, novcu i stvarima u toku trajanja putovanja. Ostavljanje vrijednih stvari u autobusu i u hotelskim sobama nije preporu\u010dljivo jer ni prijevoznik ni hotel ne odgovaraju za iste!<\/li>\n<li>Napominjemo da je putovanje grupno i tome je sve podre\u0111eno. Temperatura u vozilu ne mo\u017ee se individualno pode\u0161avati za svako sjedi\u0161te. Molimo da imate u vidu da ono \u0161to je za nekoga toplo, za drugog je hladno i sl. Dakle, za grupno putovanje potrebno je puno razumijevanje me\u0111u putnicima i osje\u0107aj kolektivizma.<\/li>\n<li>Prostor za prtljag u autobusu je ograni\u010den i predvi\u0111ena koli\u010dina prtljaga po putniku je jedan kofer i jedan komad ru\u010dnog prtljaga.<\/li>\n<li>Upozoravaju se putnici da zbog po\u0161tovanja satnica predvi\u0111enih programom putovanja, ne postoji mogu\u0107nost zadr\u017eavanja autobusa na grani\u010dnom prijelazu radi regulisanja povrata sredstava po osnovu \u201cTAX FREE\u201d.<\/li>\n<li>Organizator putovanja i izleta na putovanju zadr\u017eava pravo promjene programa putovanja kao i izmjene termina i uslova izvo\u0111enja fakultativnih izleta predvi\u0111enih programom kao i redoslijeda razgledanja usljed objektivnih okolnosti. Molimo da uzmete u obzir da postoji mogu\u0107nost da zbog praznika na odre\u0111enoj destinaciji neki od lokaliteta ili tr\u017enih centara, prodavnica, restorana, muzeja&#8230; ne rade.<\/li>\n<li>Organizator putovanja ne mo\u017ee uticati na razmje\u0161taj po sobama jer to isklju\u010divo zavisi od recepcije smje\u0161tajnog objekta.<\/li>\n<li>Maloljetni putnici prilikom putovanja moraju imati u Op\u0107ini ovjerenu saglasnost roditelja \/ staratelja.<\/li>\n<li>Za sve informacije date usmenim, telefonskim ili elektronskim putem agencija ne snosi odgovornost. Validan je samo pisani program putovanja objavljen na web stranici hotela ili u prostorijama agencije.<\/li>\n<\/ul>\n<h4><strong>Za ovo putovanje va\u017ee\u00a0OP\u0160TI USLOVI PUTOVANJA Turisti\u010dke agencije <\/strong><strong>Dalia Travel.<\/strong><\/h4>\n<p>\ud83d\udccc <strong>Rezervi\u0161ite svoje mjesto na vrijeme (Broj mjesta ograni\u010den).<\/strong><\/p>\n<p>\ud83d\udcde <strong>Prijave i uplate u prostorijama putni\u010dke agencije Dalia Travel, Krpina 1 Mostar. Dodatne informacije na broj telefona 036\/552 389 ili viberom (whatsapp) 061 547 672 na e mail: <\/strong><a href=\"mailto:info@daliatravel.ba\"><strong>info@daliatravel.ba<\/strong><\/a><\/p>\n<p>&nbsp;<\/p>\n<p>\uf0b7 <strong>Agencija zadr\u017eava pravo izmjene satnice, hotelskog smje\u0161taja, izleta po danima, te otkazivanja aran\u017emana u slu\u010daju nedovoljnog broja prijavljenih osoba.<\/strong><\/p>\n<p>&nbsp;<\/p>\n<ul>\n<li><\/li>\n<\/ul>\n<p>&nbsp;<\/p>\n<h3><em>\u00a0<\/em><\/h3>\n<p>[\/vc_column_text][\/vc_column][\/vc_row][vc_row][vc_column]<style type=\"text\/css\" data-type=\"the7_shortcodes-inline-css\">#default-btn-be4c17cc838715c6c39ebdf9fc91de8e > i {\n  font-size: 11px;\n}\n#default-btn-be4c17cc838715c6c39ebdf9fc91de8e * {\n  vertical-align: middle;\n}\n<\/style><a href=\"http:\/\/daliatravel.ba\/wp-content\/uploads\/2026\/08\/CAROLIJA-KOJA-SE-PUTUJE-VELDEN.pdf\" class=\"default-btn-shortcode dt-btn dt-btn-m btn-inline-left \" target=\"_blank\" id=\"default-btn-be4c17cc838715c6c39ebdf9fc91de8e\" rel=\"noopener\"><span>Preuzmite ponudu<\/span><\/a>[\/vc_column][\/vc_row]<\/p>\n","protected":false},"excerpt":{"rendered":"<p>[vc_row][vc_column][vc_column_text] Velden \u2022 Villach \u2022 Klagenfurt AUTOBUSOM IZ MOSTARA I \u010cAPLJINE 4 DANA \/ 2 NO\u0106ENJA SA DORU\u010cKOM 03.12.-06.12.2026. &nbsp; &nbsp; \u2728 ZAKORA\u010cIMO ZAJEDNO U BO\u017dI\u0106NU BAJKU\u2026 \u2728 Postoje putovanja koja obi\u0111emo\u2026 i postoje ona koja osjetimo svim srcem. \u2764\ufe0f &nbsp; \ud83c\udf85\u2728 OVE ZIME NE SANJAMO BO\u017dI\u0106NU BAJKU \u2014 MI PUTUJEMO U NJU! Ovog Adventa&hellip;<\/p>\n","protected":false},"author":2,"featured_media":15352,"comment_status":"closed","ping_status":"open","sticky":false,"template":"","format":"standard","meta":[],"categories":[33],"tags":[],"class_list":["post-17812","post","type-post","status-publish","format-standard","has-post-thumbnail","hentry","category-europska-putovanja","category-33","description-off"],"_links":{"self":[{"href":"https:\/\/daliatravel.ba\/bs\/wp-json\/wp\/v2\/posts\/17812"}],"collection":[{"href":"https:\/\/daliatravel.ba\/bs\/wp-json\/wp\/v2\/posts"}],"about":[{"href":"https:\/\/daliatravel.ba\/bs\/wp-json\/wp\/v2\/types\/post"}],"author":[{"embeddable":true,"href":"https:\/\/daliatravel.ba\/bs\/wp-json\/wp\/v2\/users\/2"}],"replies":[{"embeddable":true,"href":"https:\/\/daliatravel.ba\/bs\/wp-json\/wp\/v2\/comments?post=17812"}],"version-history":[{"count":7,"href":"https:\/\/daliatravel.ba\/bs\/wp-json\/wp\/v2\/posts\/17812\/revisions"}],"predecessor-version":[{"id":17819,"href":"https:\/\/daliatravel.ba\/bs\/wp-json\/wp\/v2\/posts\/17812\/revisions\/17819"}],"wp:featuredmedia":[{"embeddable":true,"href":"https:\/\/daliatravel.ba\/bs\/wp-json\/wp\/v2\/media\/15352"}],"wp:attachment":[{"href":"https:\/\/daliatravel.ba\/bs\/wp-json\/wp\/v2\/media?parent=17812"}],"wp:term":[{"taxonomy":"category","embeddable":true,"href":"https:\/\/daliatravel.ba\/bs\/wp-json\/wp\/v2\/categories?post=17812"},{"taxonomy":"post_tag","embeddable":true,"href":"https:\/\/daliatravel.ba\/bs\/wp-json\/wp\/v2\/tags?post=17812"}],"curies":[{"name":"wp","href":"https:\/\/api.w.org\/{rel}","templated":true}]}}